{"id":9068,"date":"2022-01-13T14:16:21","date_gmt":"2022-01-13T13:16:21","guid":{"rendered":"https:\/\/www.prixdameriqueraces.com\/?p=9068"},"modified":"2022-01-13T14:16:21","modified_gmt":"2022-01-13T13:16:21","slug":"15-starters-in-the-prix-damerique-races-zeturf-qualif-6-prix-de-belgique","status":"publish","type":"post","link":"https:\/\/www.prixdameriqueraces.com\/en\/news\/race\/15-starters-in-the-prix-damerique-races-zeturf-qualif-6-prix-de-belgique\/","title":{"rendered":"15 starters in the Prix d&#8217;Am\u00e9rique Races ZEturf Qualif #6 &#8211; Prix de Belgique"},"content":{"rendered":"<p>The suspense will come to a head on Sunday January 16 at the Paris-Vincennes Hippodrome. The fight promises to be breathtaking in the Prix d&#8217;Amerique Races ZEturf Qualif # 6 &#8211; Prix de Belgique. The challenge ? Step onto the podium and secure the last three places for the prestigious Finals: Prix d&#8217;Amerique Legend Race, Prix de France Speed \u200b\u200bRace and Prix de Paris Marathon Race. A last chance to be seized which has stirred up the desires of the champions of the moment.<\/p>\n<p>15 excellent trotters and crack-drivers will fight a thrilling battle over the long distance of 2,850 meters. Who will win the last three sesames for the best races of the year at Paris-Vincennes? Who will join<strong> <a href=\"https:\/\/www.letrot.com\/stats\/fiche-cheval\/face-time-bourbon\/ZWdbYgYIBAsM\/courses\/dernieres-performances\" target=\"_blank\" rel=\"noopener\">Face Time Bourbon<\/a><\/strong>, <strong><a href=\"https:\/\/www.letrot.com\/stats\/fiche-cheval\/etonnant\/ZWZ7YwcAAQoY\/courses\/dernieres-performances\" target=\"_blank\" rel=\"noopener\">Etonnant<\/a><\/strong>, <strong><a href=\"https:\/\/www.letrot.com\/stats\/fiche-cheval\/ganay-de-banville\/ZWR8ZwsFAQoS\/courses\/dernieres-performances\" target=\"_blank\" rel=\"noopener\">Ganay de Banville<\/a><\/strong>, <strong><a href=\"https:\/\/www.letrot.com\/stats\/fiche-cheval\/hohneck\/ZWV7YQQHAAcO\/courses\/dernieres-performances\" target=\"_blank\" rel=\"noopener\">Hohneck<\/a><\/strong>, <strong><a href=\"https:\/\/www.letrot.com\/stats\/fiche-cheval\/rebella-matters\/ZGJaZgEGBAoM\/courses\/dernieres-performances\" target=\"_blank\" rel=\"noopener\">Rebella Matters<\/a><\/strong>, <strong><a href=\"https:\/\/www.letrot.com\/stats\/fiche-cheval\/galius\/ZWR8ZQYAAgoS\/courses\/dernieres-performances\" target=\"_blank\" rel=\"noopener\">Galius<\/a><\/strong>, <strong><a href=\"https:\/\/www.letrot.com\/stats\/fiche-cheval\/cokstile\/ZGJaZgAIAAUa\/courses\/dernieres-performances\" target=\"_blank\" rel=\"noopener\">Cokstile<\/a><\/strong>, <strong><a href=\"https:\/\/www.letrot.com\/stats\/fiche-cheval\/vivid-wise-as\/ZGJaZgAHBwEA\/courses\/dernieres-performances\" target=\"_blank\" rel=\"noopener\">Vivid Wise As<\/a><\/strong> and<strong><a href=\"https:\/\/www.letrot.com\/stats\/fiche-cheval\/billie-de-montfort\/ZWN6ZAYECgsD\/courses\/dernieres-performances\" target=\"_blank\" rel=\"noopener\"> Billie de Montfort<\/a><\/strong> on the list of qualifiers? Among them, <strong>Rebella Matters, Galius<\/strong> and <strong>Cokstile<\/strong> will be present on Sunday.<\/p>\n<p><strong>Four assets for Jean-Michel Bazire<\/strong><br \/>\nJean-Michel Bazire, who is fielding four residents, has chosen to drive <strong><a href=\"https:\/\/www.letrot.com\/stats\/fiche-cheval\/feydeau-seven\/ZWdbYQcBAQcX\/courses\/dernieres-performances\" target=\"_blank\" rel=\"noopener\">Feydeau Seven<\/a><\/strong> (our photo), a newcomer this season in the Prix d&#8217;Am\u00e9rique Races ZEturf competition. He will have his sparkling form on his side. <strong><a href=\"https:\/\/www.letrot.com\/stats\/fiche-cheval\/express-jet\/ZWZ7YgIDBAEE\/courses\/dernieres-performances\" target=\"_blank\" rel=\"noopener\">Express Jet<\/a><\/strong>, <strong><a href=\"https:\/\/www.letrot.com\/stats\/fiche-cheval\/violetto-jet\/ZGJaZgEDBwMA\/courses\/dernieres-performances\" target=\"_blank\" rel=\"noopener\">Violetto Jet<\/a><\/strong>, associated for the first time with Sulky d&#8217;Or Eric Raffin, <strong><a href=\"https:\/\/www.letrot.com\/stats\/fiche-cheval\/diable-de-vauvert\/ZWF8ZQoABgcE\/courses\/dernieres-performances\" target=\"_blank\" rel=\"noopener\">Diable de Vauvert<\/a><\/strong>, <strong><a href=\"https:\/\/www.letrot.com\/stats\/fiche-cheval\/feliciano\/ZWdbYgYJAAIE\/courses\/dernieres-performances\" target=\"_blank\" rel=\"noopener\">Feliciano<\/a><\/strong>, <strong><a href=\"https:\/\/www.letrot.com\/stats\/fiche-cheval\/gu-dheripre\/ZWR8ZAACCgAW\/courses\/dernieres-performances\" target=\"_blank\" rel=\"noopener\">Gu d&#8217;H\u00e9ripr\u00e9<\/a><\/strong>, noticed during his last performance in Qualif # 5, and <strong><a href=\"https:\/\/www.letrot.com\/stats\/fiche-cheval\/chica-de-joudes\/ZWB9YAoJBgMe\/courses\/dernieres-performances\" target=\"_blank\" rel=\"noopener\">Chica de Joudes<\/a><\/strong> narrowly missed qualification during their previous attempts in such a category. They will give their best to reach their target. <strong><a href=\"https:\/\/www.letrot.com\/stats\/fiche-cheval\/davidson-du-pont\/ZWF8ZQoCAAsE\/courses\/dernieres-performances\" target=\"_blank\" rel=\"noopener\">Davidson du Pont<\/a><\/strong>, <strong><a href=\"https:\/\/www.letrot.com\/stats\/fiche-cheval\/delia-du-pommereux\/ZWF8YAsEAQcB\/courses\/dernieres-performances\" target=\"_blank\" rel=\"noopener\">D\u00e9lia du Pommereux<\/a><\/strong> (respectively first and second in this event last year) and <strong><a href=\"https:\/\/www.letrot.com\/stats\/fiche-cheval\/zacon-gio\/ZGJaZgECCwAS\/courses\/dernieres-performances\" target=\"_blank\" rel=\"noopener\">Zacon Gio<\/a><\/strong> will have sufficient earnings to participate in the Finals. <strong><a href=\"https:\/\/www.letrot.com\/stats\/fiche-cheval\/mister-f-daag\/ZGJaZgEABQED\/courses\/dernieres-performances\" target=\"_blank\" rel=\"noopener\">Mister F Daag<\/a><\/strong> and<strong><a href=\"https:\/\/www.letrot.com\/stats\/fiche-cheval\/power-(swe)\/ZGJaZgEIBQEW\/courses\/dernieres-performances\" target=\"_blank\" rel=\"noopener\"> Power<\/a><\/strong> will ensure the international side of the race.<\/p>\n<p><em>Consult the starters of the Prix d&#8217;Amerique Races ZEturf Qualif # 6 &#8211; Prix de Belgique by clicking <a href=\"https:\/\/www.letrot.com\/stats\/fiche-course\/2022-01-16\/7500\/4\/partants\/tableau\" target=\"_blank\" rel=\"noopener\">here.<\/a><\/em><\/p>\n","protected":false},"excerpt":{"rendered":"<p>The suspense will come to a head on Sunday January 16 at the Paris-Vincennes Hippodrome. The fight promises to be breathtaking in the Prix d&#8217;Amerique Races ZEturf Qualif # 6 &#8211; Prix de Belgique. The challenge ? Step onto the podium and secure the last three places for the prestigious Finals: Prix d&#8217;Amerique Legend Race, Prix de France Speed \u200b\u200bRace&hellip;<\/p>\n","protected":false},"author":6,"featured_media":9065,"comment_status":"open","ping_status":"open","sticky":false,"template":"","format":"standard","meta":{"_acf_changed":false,"footnotes":""},"categories":[224],"tags":[205],"class_list":["post-9068","post","type-post","status-publish","format-standard","has-post-thumbnail","hentry","category-race","tag-raceszeturfqualif6en"],"acf":[],"yoast_head":"<!-- This site is optimized with the Yoast SEO plugin v27.5 - https:\/\/yoast.com\/product\/yoast-seo-wordpress\/ -->\n<title>15 starters in the Prix d&#039;Am\u00e9rique Races ZEturf Qualif #6 - Prix de Belgique - Prix d&#039;Am\u00e9rique Races<\/title>\n<meta name=\"description\" content=\"15 starters in the Prix d&#039;Am\u00e9rique Races ZEturf Qualif #6 - Prix de Belgique\" \/>\n<meta name=\"robots\" content=\"index, follow, max-snippet:-1, max-image-preview:large, max-video-preview:-1\" \/>\n<link rel=\"canonical\" href=\"https:\/\/www.prixdameriqueraces.com\/en\/news\/race\/15-starters-in-the-prix-damerique-races-zeturf-qualif-6-prix-de-belgique\/\" \/>\n<meta property=\"og:locale\" content=\"en_US\" \/>\n<meta property=\"og:type\" content=\"article\" \/>\n<meta property=\"og:title\" content=\"15 starters in the Prix d&#039;Am\u00e9rique Races ZEturf Qualif #6 - Prix de Belgique - Prix d&#039;Am\u00e9rique Races\" \/>\n<meta property=\"og:description\" content=\"15 starters in the Prix d&#039;Am\u00e9rique Races ZEturf Qualif #6 - Prix de Belgique\" \/>\n<meta property=\"og:url\" content=\"https:\/\/www.prixdameriqueraces.com\/en\/news\/race\/15-starters-in-the-prix-damerique-races-zeturf-qualif-6-prix-de-belgique\/\" \/>\n<meta property=\"og:site_name\" content=\"Prix d&#039;Am\u00e9rique Races\" \/>\n<meta property=\"article:published_time\" content=\"2022-01-13T13:16:21+00:00\" \/>\n<meta property=\"og:image\" content=\"https:\/\/www.prixdameriqueraces.com\/wp-content\/uploads\/2022\/01\/feydeauseven-photoarticlepartants-ok13jan22.jpg\" \/>\n\t<meta property=\"og:image:width\" content=\"1700\" \/>\n\t<meta property=\"og:image:height\" content=\"800\" \/>\n\t<meta property=\"og:image:type\" content=\"image\/jpeg\" \/>\n<meta name=\"author\" content=\"Christophe BINET\" \/>\n<meta name=\"twitter:label1\" content=\"Written by\" \/>\n\t<meta name=\"twitter:data1\" content=\"Christophe BINET\" \/>\n\t<meta name=\"twitter:label2\" content=\"Est. reading time\" \/>\n\t<meta name=\"twitter:data2\" content=\"2 minutes\" \/>\n<script type=\"application\/ld+json\" class=\"yoast-schema-graph\">{\"@context\":\"https:\\\/\\\/schema.org\",\"@graph\":[{\"@type\":\"Article\",\"@id\":\"https:\\\/\\\/www.prixdameriqueraces.com\\\/en\\\/news\\\/race\\\/15-starters-in-the-prix-damerique-races-zeturf-qualif-6-prix-de-belgique\\\/#article\",\"isPartOf\":{\"@id\":\"https:\\\/\\\/www.prixdameriqueraces.com\\\/en\\\/news\\\/race\\\/15-starters-in-the-prix-damerique-races-zeturf-qualif-6-prix-de-belgique\\\/\"},\"author\":{\"name\":\"Christophe BINET\",\"@id\":\"https:\\\/\\\/www.prixdameriqueraces.com\\\/en\\\/#\\\/schema\\\/person\\\/9bd7868d6a7f3544a7dc3816ac7062bd\"},\"headline\":\"15 starters in the Prix d&#8217;Am\u00e9rique Races ZEturf Qualif #6 &#8211; Prix de Belgique\",\"datePublished\":\"2022-01-13T13:16:21+00:00\",\"mainEntityOfPage\":{\"@id\":\"https:\\\/\\\/www.prixdameriqueraces.com\\\/en\\\/news\\\/race\\\/15-starters-in-the-prix-damerique-races-zeturf-qualif-6-prix-de-belgique\\\/\"},\"wordCount\":321,\"commentCount\":0,\"image\":{\"@id\":\"https:\\\/\\\/www.prixdameriqueraces.com\\\/en\\\/news\\\/race\\\/15-starters-in-the-prix-damerique-races-zeturf-qualif-6-prix-de-belgique\\\/#primaryimage\"},\"thumbnailUrl\":\"https:\\\/\\\/www.prixdameriqueraces.com\\\/wp-content\\\/uploads\\\/2022\\\/01\\\/feydeauseven-photoarticlepartants-ok13jan22.jpg\",\"keywords\":[\"Races Zeturf qualif 6\"],\"articleSection\":[\"Race\"],\"inLanguage\":\"en-US\",\"potentialAction\":[{\"@type\":\"CommentAction\",\"name\":\"Comment\",\"target\":[\"https:\\\/\\\/www.prixdameriqueraces.com\\\/en\\\/news\\\/race\\\/15-starters-in-the-prix-damerique-races-zeturf-qualif-6-prix-de-belgique\\\/#respond\"]}]},{\"@type\":\"WebPage\",\"@id\":\"https:\\\/\\\/www.prixdameriqueraces.com\\\/en\\\/news\\\/race\\\/15-starters-in-the-prix-damerique-races-zeturf-qualif-6-prix-de-belgique\\\/\",\"url\":\"https:\\\/\\\/www.prixdameriqueraces.com\\\/en\\\/news\\\/race\\\/15-starters-in-the-prix-damerique-races-zeturf-qualif-6-prix-de-belgique\\\/\",\"name\":\"15 starters in the Prix d'Am\u00e9rique Races ZEturf Qualif #6 - Prix de Belgique - Prix d&#039;Am\u00e9rique Races\",\"isPartOf\":{\"@id\":\"https:\\\/\\\/www.prixdameriqueraces.com\\\/en\\\/#website\"},\"primaryImageOfPage\":{\"@id\":\"https:\\\/\\\/www.prixdameriqueraces.com\\\/en\\\/news\\\/race\\\/15-starters-in-the-prix-damerique-races-zeturf-qualif-6-prix-de-belgique\\\/#primaryimage\"},\"image\":{\"@id\":\"https:\\\/\\\/www.prixdameriqueraces.com\\\/en\\\/news\\\/race\\\/15-starters-in-the-prix-damerique-races-zeturf-qualif-6-prix-de-belgique\\\/#primaryimage\"},\"thumbnailUrl\":\"https:\\\/\\\/www.prixdameriqueraces.com\\\/wp-content\\\/uploads\\\/2022\\\/01\\\/feydeauseven-photoarticlepartants-ok13jan22.jpg\",\"datePublished\":\"2022-01-13T13:16:21+00:00\",\"author\":{\"@id\":\"https:\\\/\\\/www.prixdameriqueraces.com\\\/en\\\/#\\\/schema\\\/person\\\/9bd7868d6a7f3544a7dc3816ac7062bd\"},\"description\":\"15 starters in the Prix d'Am\u00e9rique Races ZEturf Qualif #6 - Prix de Belgique\",\"breadcrumb\":{\"@id\":\"https:\\\/\\\/www.prixdameriqueraces.com\\\/en\\\/news\\\/race\\\/15-starters-in-the-prix-damerique-races-zeturf-qualif-6-prix-de-belgique\\\/#breadcrumb\"},\"inLanguage\":\"en-US\",\"potentialAction\":[{\"@type\":\"ReadAction\",\"target\":[\"https:\\\/\\\/www.prixdameriqueraces.com\\\/en\\\/news\\\/race\\\/15-starters-in-the-prix-damerique-races-zeturf-qualif-6-prix-de-belgique\\\/\"]}]},{\"@type\":\"ImageObject\",\"inLanguage\":\"en-US\",\"@id\":\"https:\\\/\\\/www.prixdameriqueraces.com\\\/en\\\/news\\\/race\\\/15-starters-in-the-prix-damerique-races-zeturf-qualif-6-prix-de-belgique\\\/#primaryimage\",\"url\":\"https:\\\/\\\/www.prixdameriqueraces.com\\\/wp-content\\\/uploads\\\/2022\\\/01\\\/feydeauseven-photoarticlepartants-ok13jan22.jpg\",\"contentUrl\":\"https:\\\/\\\/www.prixdameriqueraces.com\\\/wp-content\\\/uploads\\\/2022\\\/01\\\/feydeauseven-photoarticlepartants-ok13jan22.jpg\",\"width\":1700,\"height\":800,\"caption\":\"feydeau seven\"},{\"@type\":\"BreadcrumbList\",\"@id\":\"https:\\\/\\\/www.prixdameriqueraces.com\\\/en\\\/news\\\/race\\\/15-starters-in-the-prix-damerique-races-zeturf-qualif-6-prix-de-belgique\\\/#breadcrumb\",\"itemListElement\":[{\"@type\":\"ListItem\",\"position\":1,\"name\":\"Accueil\",\"item\":\"https:\\\/\\\/www.prixdameriqueraces.com\\\/en\\\/\"},{\"@type\":\"ListItem\",\"position\":2,\"name\":\"15 starters in the Prix d&rsquo;Am\u00e9rique Races ZEturf Qualif #6 &#8211; Prix de Belgique\"}]},{\"@type\":\"WebSite\",\"@id\":\"https:\\\/\\\/www.prixdameriqueraces.com\\\/en\\\/#website\",\"url\":\"https:\\\/\\\/www.prixdameriqueraces.com\\\/en\\\/\",\"name\":\"Prix d&#039;Am\u00e9rique Races\",\"description\":\"6 \u00e9preuves qualificatives et 3 courses de l\u00e9gende\",\"potentialAction\":[{\"@type\":\"SearchAction\",\"target\":{\"@type\":\"EntryPoint\",\"urlTemplate\":\"https:\\\/\\\/www.prixdameriqueraces.com\\\/en\\\/?s={search_term_string}\"},\"query-input\":{\"@type\":\"PropertyValueSpecification\",\"valueRequired\":true,\"valueName\":\"search_term_string\"}}],\"inLanguage\":\"en-US\"},{\"@type\":\"Person\",\"@id\":\"https:\\\/\\\/www.prixdameriqueraces.com\\\/en\\\/#\\\/schema\\\/person\\\/9bd7868d6a7f3544a7dc3816ac7062bd\",\"name\":\"Christophe BINET\",\"image\":{\"@type\":\"ImageObject\",\"inLanguage\":\"en-US\",\"@id\":\"https:\\\/\\\/secure.gravatar.com\\\/avatar\\\/f4ddd63f164958e61dfd5b8d21d9c2c100b8f06c27c1ab1b5b310021045d69f4?s=96&d=mm&r=g\",\"url\":\"https:\\\/\\\/secure.gravatar.com\\\/avatar\\\/f4ddd63f164958e61dfd5b8d21d9c2c100b8f06c27c1ab1b5b310021045d69f4?s=96&d=mm&r=g\",\"contentUrl\":\"https:\\\/\\\/secure.gravatar.com\\\/avatar\\\/f4ddd63f164958e61dfd5b8d21d9c2c100b8f06c27c1ab1b5b310021045d69f4?s=96&d=mm&r=g\",\"caption\":\"Christophe BINET\"},\"url\":\"https:\\\/\\\/www.prixdameriqueraces.com\\\/en\\\/author\\\/cbinet\\\/\"}]}<\/script>\n<!-- \/ Yoast SEO plugin. -->","yoast_head_json":{"title":"15 starters in the Prix d'Am\u00e9rique Races ZEturf Qualif #6 - Prix de Belgique - Prix d&#039;Am\u00e9rique Races","description":"15 starters in the Prix d'Am\u00e9rique Races ZEturf Qualif #6 - Prix de Belgique","robots":{"index":"index","follow":"follow","max-snippet":"max-snippet:-1","max-image-preview":"max-image-preview:large","max-video-preview":"max-video-preview:-1"},"canonical":"https:\/\/www.prixdameriqueraces.com\/en\/news\/race\/15-starters-in-the-prix-damerique-races-zeturf-qualif-6-prix-de-belgique\/","og_locale":"en_US","og_type":"article","og_title":"15 starters in the Prix d'Am\u00e9rique Races ZEturf Qualif #6 - Prix de Belgique - Prix d&#039;Am\u00e9rique Races","og_description":"15 starters in the Prix d'Am\u00e9rique Races ZEturf Qualif #6 - Prix de Belgique","og_url":"https:\/\/www.prixdameriqueraces.com\/en\/news\/race\/15-starters-in-the-prix-damerique-races-zeturf-qualif-6-prix-de-belgique\/","og_site_name":"Prix d&#039;Am\u00e9rique Races","article_published_time":"2022-01-13T13:16:21+00:00","og_image":[{"width":1700,"height":800,"url":"https:\/\/www.prixdameriqueraces.com\/wp-content\/uploads\/2022\/01\/feydeauseven-photoarticlepartants-ok13jan22.jpg","type":"image\/jpeg"}],"author":"Christophe BINET","twitter_misc":{"Written by":"Christophe BINET","Est. reading time":"2 minutes"},"schema":{"@context":"https:\/\/schema.org","@graph":[{"@type":"Article","@id":"https:\/\/www.prixdameriqueraces.com\/en\/news\/race\/15-starters-in-the-prix-damerique-races-zeturf-qualif-6-prix-de-belgique\/#article","isPartOf":{"@id":"https:\/\/www.prixdameriqueraces.com\/en\/news\/race\/15-starters-in-the-prix-damerique-races-zeturf-qualif-6-prix-de-belgique\/"},"author":{"name":"Christophe BINET","@id":"https:\/\/www.prixdameriqueraces.com\/en\/#\/schema\/person\/9bd7868d6a7f3544a7dc3816ac7062bd"},"headline":"15 starters in the Prix d&#8217;Am\u00e9rique Races ZEturf Qualif #6 &#8211; Prix de Belgique","datePublished":"2022-01-13T13:16:21+00:00","mainEntityOfPage":{"@id":"https:\/\/www.prixdameriqueraces.com\/en\/news\/race\/15-starters-in-the-prix-damerique-races-zeturf-qualif-6-prix-de-belgique\/"},"wordCount":321,"commentCount":0,"image":{"@id":"https:\/\/www.prixdameriqueraces.com\/en\/news\/race\/15-starters-in-the-prix-damerique-races-zeturf-qualif-6-prix-de-belgique\/#primaryimage"},"thumbnailUrl":"https:\/\/www.prixdameriqueraces.com\/wp-content\/uploads\/2022\/01\/feydeauseven-photoarticlepartants-ok13jan22.jpg","keywords":["Races Zeturf qualif 6"],"articleSection":["Race"],"inLanguage":"en-US","potentialAction":[{"@type":"CommentAction","name":"Comment","target":["https:\/\/www.prixdameriqueraces.com\/en\/news\/race\/15-starters-in-the-prix-damerique-races-zeturf-qualif-6-prix-de-belgique\/#respond"]}]},{"@type":"WebPage","@id":"https:\/\/www.prixdameriqueraces.com\/en\/news\/race\/15-starters-in-the-prix-damerique-races-zeturf-qualif-6-prix-de-belgique\/","url":"https:\/\/www.prixdameriqueraces.com\/en\/news\/race\/15-starters-in-the-prix-damerique-races-zeturf-qualif-6-prix-de-belgique\/","name":"15 starters in the Prix d'Am\u00e9rique Races ZEturf Qualif #6 - Prix de Belgique - Prix d&#039;Am\u00e9rique Races","isPartOf":{"@id":"https:\/\/www.prixdameriqueraces.com\/en\/#website"},"primaryImageOfPage":{"@id":"https:\/\/www.prixdameriqueraces.com\/en\/news\/race\/15-starters-in-the-prix-damerique-races-zeturf-qualif-6-prix-de-belgique\/#primaryimage"},"image":{"@id":"https:\/\/www.prixdameriqueraces.com\/en\/news\/race\/15-starters-in-the-prix-damerique-races-zeturf-qualif-6-prix-de-belgique\/#primaryimage"},"thumbnailUrl":"https:\/\/www.prixdameriqueraces.com\/wp-content\/uploads\/2022\/01\/feydeauseven-photoarticlepartants-ok13jan22.jpg","datePublished":"2022-01-13T13:16:21+00:00","author":{"@id":"https:\/\/www.prixdameriqueraces.com\/en\/#\/schema\/person\/9bd7868d6a7f3544a7dc3816ac7062bd"},"description":"15 starters in the Prix d'Am\u00e9rique Races ZEturf Qualif #6 - Prix de Belgique","breadcrumb":{"@id":"https:\/\/www.prixdameriqueraces.com\/en\/news\/race\/15-starters-in-the-prix-damerique-races-zeturf-qualif-6-prix-de-belgique\/#breadcrumb"},"inLanguage":"en-US","potentialAction":[{"@type":"ReadAction","target":["https:\/\/www.prixdameriqueraces.com\/en\/news\/race\/15-starters-in-the-prix-damerique-races-zeturf-qualif-6-prix-de-belgique\/"]}]},{"@type":"ImageObject","inLanguage":"en-US","@id":"https:\/\/www.prixdameriqueraces.com\/en\/news\/race\/15-starters-in-the-prix-damerique-races-zeturf-qualif-6-prix-de-belgique\/#primaryimage","url":"https:\/\/www.prixdameriqueraces.com\/wp-content\/uploads\/2022\/01\/feydeauseven-photoarticlepartants-ok13jan22.jpg","contentUrl":"https:\/\/www.prixdameriqueraces.com\/wp-content\/uploads\/2022\/01\/feydeauseven-photoarticlepartants-ok13jan22.jpg","width":1700,"height":800,"caption":"feydeau seven"},{"@type":"BreadcrumbList","@id":"https:\/\/www.prixdameriqueraces.com\/en\/news\/race\/15-starters-in-the-prix-damerique-races-zeturf-qualif-6-prix-de-belgique\/#breadcrumb","itemListElement":[{"@type":"ListItem","position":1,"name":"Accueil","item":"https:\/\/www.prixdameriqueraces.com\/en\/"},{"@type":"ListItem","position":2,"name":"15 starters in the Prix d&rsquo;Am\u00e9rique Races ZEturf Qualif #6 &#8211; Prix de Belgique"}]},{"@type":"WebSite","@id":"https:\/\/www.prixdameriqueraces.com\/en\/#website","url":"https:\/\/www.prixdameriqueraces.com\/en\/","name":"Prix d&#039;Am\u00e9rique Races","description":"6 \u00e9preuves qualificatives et 3 courses de l\u00e9gende","potentialAction":[{"@type":"SearchAction","target":{"@type":"EntryPoint","urlTemplate":"https:\/\/www.prixdameriqueraces.com\/en\/?s={search_term_string}"},"query-input":{"@type":"PropertyValueSpecification","valueRequired":true,"valueName":"search_term_string"}}],"inLanguage":"en-US"},{"@type":"Person","@id":"https:\/\/www.prixdameriqueraces.com\/en\/#\/schema\/person\/9bd7868d6a7f3544a7dc3816ac7062bd","name":"Christophe BINET","image":{"@type":"ImageObject","inLanguage":"en-US","@id":"https:\/\/secure.gravatar.com\/avatar\/f4ddd63f164958e61dfd5b8d21d9c2c100b8f06c27c1ab1b5b310021045d69f4?s=96&d=mm&r=g","url":"https:\/\/secure.gravatar.com\/avatar\/f4ddd63f164958e61dfd5b8d21d9c2c100b8f06c27c1ab1b5b310021045d69f4?s=96&d=mm&r=g","contentUrl":"https:\/\/secure.gravatar.com\/avatar\/f4ddd63f164958e61dfd5b8d21d9c2c100b8f06c27c1ab1b5b310021045d69f4?s=96&d=mm&r=g","caption":"Christophe BINET"},"url":"https:\/\/www.prixdameriqueraces.com\/en\/author\/cbinet\/"}]}},"_links":{"self":[{"href":"https:\/\/www.prixdameriqueraces.com\/en\/wp-json\/wp\/v2\/posts\/9068","targetHints":{"allow":["GET"]}}],"collection":[{"href":"https:\/\/www.prixdameriqueraces.com\/en\/wp-json\/wp\/v2\/posts"}],"about":[{"href":"https:\/\/www.prixdameriqueraces.com\/en\/wp-json\/wp\/v2\/types\/post"}],"author":[{"embeddable":true,"href":"https:\/\/www.prixdameriqueraces.com\/en\/wp-json\/wp\/v2\/users\/6"}],"replies":[{"embeddable":true,"href":"https:\/\/www.prixdameriqueraces.com\/en\/wp-json\/wp\/v2\/comments?post=9068"}],"version-history":[{"count":2,"href":"https:\/\/www.prixdameriqueraces.com\/en\/wp-json\/wp\/v2\/posts\/9068\/revisions"}],"predecessor-version":[{"id":9071,"href":"https:\/\/www.prixdameriqueraces.com\/en\/wp-json\/wp\/v2\/posts\/9068\/revisions\/9071"}],"wp:featuredmedia":[{"embeddable":true,"href":"https:\/\/www.prixdameriqueraces.com\/en\/wp-json\/wp\/v2\/media\/9065"}],"wp:attachment":[{"href":"https:\/\/www.prixdameriqueraces.com\/en\/wp-json\/wp\/v2\/media?parent=9068"}],"wp:term":[{"taxonomy":"category","embeddable":true,"href":"https:\/\/www.prixdameriqueraces.com\/en\/wp-json\/wp\/v2\/categories?post=9068"},{"taxonomy":"post_tag","embeddable":true,"href":"https:\/\/www.prixdameriqueraces.com\/en\/wp-json\/wp\/v2\/tags?post=9068"}],"curies":[{"name":"wp","href":"https:\/\/api.w.org\/{rel}","templated":true}]}}