{"id":9001,"date":"2022-01-06T15:30:37","date_gmt":"2022-01-06T14:30:37","guid":{"rendered":"https:\/\/www.prixdameriqueraces.com\/?p=9001"},"modified":"2022-01-06T15:30:37","modified_gmt":"2022-01-06T14:30:37","slug":"cancellation-of-arqana-sales-and-expo-etalons-2022","status":"publish","type":"post","link":"https:\/\/www.prixdameriqueraces.com\/en\/news\/info\/cancellation-of-arqana-sales-and-expo-etalons-2022\/","title":{"rendered":"Cancellation of Arqana sales and Expo-Etalons 2022"},"content":{"rendered":"<div class=\"FFpbKc\">\n<p>Due to the evolution of the current health situation, Arqana Trot announces the modification of the dates and times for the next Prix d&#8217;Am\u00e9rique sales, which will finally be organized in Deauville in their entirety. The Prix d&#8217;Am\u00e9rique sales, initially planned at two sites (Deauville and Paris-Vincennes) will take place in one single location: Deauville and on the following dates:<\/p>\n<ul>\n<li>Thursday January 27 &#8211; Breeding sale &#8211; initially scheduled for Wednesday 26 at 1:30 p.m.<\/li>\n<li>Friday January 28 (date unchanged) for horses in training, in a single shift which will start at 1 p.m.<\/li>\n<\/ul>\n<p>Out of prudence and for the same reasons, the traditional Expo-Etalons, originally scheduled for Friday January 28 at the Paris-Vincennes Hippodrome, is postponed. Arqana Trot does not wish to bring together the public under conditions deemed too risky or restrictive, at the risk of affecting the conviviality and the usual attendance of this always popular day. Find all the information on horse sales on the <a href=\"https:\/\/www.arqana.com\/\" target=\"_blank\" rel=\"noopener\">arqana.com website<\/a>.<\/p>\n<\/div>\n","protected":false},"excerpt":{"rendered":"<p>Due to the evolution of the current health situation, Arqana Trot announces the modification of the dates and times for the next Prix d&#8217;Am\u00e9rique sales, which will finally be organized in Deauville in their entirety. The Prix d&#8217;Am\u00e9rique sales, initially planned at two sites (Deauville and Paris-Vincennes) will take place in one single location: Deauville and on the following dates:&hellip;<\/p>\n","protected":false},"author":6,"featured_media":8999,"comment_status":"open","ping_status":"open","sticky":false,"template":"","format":"standard","meta":{"_acf_changed":false,"footnotes":""},"categories":[209],"tags":[199],"class_list":["post-9001","post","type-post","status-publish","format-standard","has-post-thumbnail","hentry","category-info","tag-raceszeturflegendraceen"],"acf":[],"yoast_head":"<!-- This site is optimized with the Yoast SEO plugin v27.5 - https:\/\/yoast.com\/product\/yoast-seo-wordpress\/ -->\n<title>Cancellation of Arqana sales and Expo-Etalons 2022 - Prix d&#039;Am\u00e9rique Races<\/title>\n<meta name=\"description\" content=\"Cancellation of Arqana sales and Expo-Etalons 2022\" \/>\n<meta name=\"robots\" content=\"index, follow, max-snippet:-1, max-image-preview:large, max-video-preview:-1\" \/>\n<link rel=\"canonical\" href=\"https:\/\/www.prixdameriqueraces.com\/en\/news\/info\/cancellation-of-arqana-sales-and-expo-etalons-2022\/\" \/>\n<meta property=\"og:locale\" content=\"en_US\" \/>\n<meta property=\"og:type\" content=\"article\" \/>\n<meta property=\"og:title\" content=\"Cancellation of Arqana sales and Expo-Etalons 2022 - Prix d&#039;Am\u00e9rique Races\" \/>\n<meta property=\"og:description\" content=\"Cancellation of Arqana sales and Expo-Etalons 2022\" \/>\n<meta property=\"og:url\" content=\"https:\/\/www.prixdameriqueraces.com\/en\/news\/info\/cancellation-of-arqana-sales-and-expo-etalons-2022\/\" \/>\n<meta property=\"og:site_name\" content=\"Prix d&#039;Am\u00e9rique Races\" \/>\n<meta property=\"article:published_time\" content=\"2022-01-06T14:30:37+00:00\" \/>\n<meta property=\"og:image\" content=\"https:\/\/www.prixdameriqueraces.com\/wp-content\/uploads\/2022\/01\/ventes-oksitepdar-6jan22.jpg\" \/>\n\t<meta property=\"og:image:width\" content=\"1700\" \/>\n\t<meta property=\"og:image:height\" content=\"800\" \/>\n\t<meta property=\"og:image:type\" content=\"image\/jpeg\" \/>\n<meta name=\"author\" content=\"Christophe BINET\" \/>\n<meta name=\"twitter:label1\" content=\"Written by\" \/>\n\t<meta name=\"twitter:data1\" content=\"Christophe BINET\" \/>\n\t<meta name=\"twitter:label2\" content=\"Est. reading time\" \/>\n\t<meta name=\"twitter:data2\" content=\"1 minute\" \/>\n<script type=\"application\/ld+json\" class=\"yoast-schema-graph\">{\"@context\":\"https:\\\/\\\/schema.org\",\"@graph\":[{\"@type\":\"Article\",\"@id\":\"https:\\\/\\\/www.prixdameriqueraces.com\\\/en\\\/news\\\/info\\\/cancellation-of-arqana-sales-and-expo-etalons-2022\\\/#article\",\"isPartOf\":{\"@id\":\"https:\\\/\\\/www.prixdameriqueraces.com\\\/en\\\/news\\\/info\\\/cancellation-of-arqana-sales-and-expo-etalons-2022\\\/\"},\"author\":{\"name\":\"Christophe BINET\",\"@id\":\"https:\\\/\\\/www.prixdameriqueraces.com\\\/en\\\/#\\\/schema\\\/person\\\/9bd7868d6a7f3544a7dc3816ac7062bd\"},\"headline\":\"Cancellation of Arqana sales and Expo-Etalons 2022\",\"datePublished\":\"2022-01-06T14:30:37+00:00\",\"mainEntityOfPage\":{\"@id\":\"https:\\\/\\\/www.prixdameriqueraces.com\\\/en\\\/news\\\/info\\\/cancellation-of-arqana-sales-and-expo-etalons-2022\\\/\"},\"wordCount\":168,\"commentCount\":0,\"image\":{\"@id\":\"https:\\\/\\\/www.prixdameriqueraces.com\\\/en\\\/news\\\/info\\\/cancellation-of-arqana-sales-and-expo-etalons-2022\\\/#primaryimage\"},\"thumbnailUrl\":\"https:\\\/\\\/www.prixdameriqueraces.com\\\/wp-content\\\/uploads\\\/2022\\\/01\\\/ventes-oksitepdar-6jan22.jpg\",\"keywords\":[\"Races Zeturf Legend race\"],\"articleSection\":[\"Info\"],\"inLanguage\":\"en-US\",\"potentialAction\":[{\"@type\":\"CommentAction\",\"name\":\"Comment\",\"target\":[\"https:\\\/\\\/www.prixdameriqueraces.com\\\/en\\\/news\\\/info\\\/cancellation-of-arqana-sales-and-expo-etalons-2022\\\/#respond\"]}]},{\"@type\":\"WebPage\",\"@id\":\"https:\\\/\\\/www.prixdameriqueraces.com\\\/en\\\/news\\\/info\\\/cancellation-of-arqana-sales-and-expo-etalons-2022\\\/\",\"url\":\"https:\\\/\\\/www.prixdameriqueraces.com\\\/en\\\/news\\\/info\\\/cancellation-of-arqana-sales-and-expo-etalons-2022\\\/\",\"name\":\"Cancellation of Arqana sales and Expo-Etalons 2022 - Prix d&#039;Am\u00e9rique Races\",\"isPartOf\":{\"@id\":\"https:\\\/\\\/www.prixdameriqueraces.com\\\/en\\\/#website\"},\"primaryImageOfPage\":{\"@id\":\"https:\\\/\\\/www.prixdameriqueraces.com\\\/en\\\/news\\\/info\\\/cancellation-of-arqana-sales-and-expo-etalons-2022\\\/#primaryimage\"},\"image\":{\"@id\":\"https:\\\/\\\/www.prixdameriqueraces.com\\\/en\\\/news\\\/info\\\/cancellation-of-arqana-sales-and-expo-etalons-2022\\\/#primaryimage\"},\"thumbnailUrl\":\"https:\\\/\\\/www.prixdameriqueraces.com\\\/wp-content\\\/uploads\\\/2022\\\/01\\\/ventes-oksitepdar-6jan22.jpg\",\"datePublished\":\"2022-01-06T14:30:37+00:00\",\"author\":{\"@id\":\"https:\\\/\\\/www.prixdameriqueraces.com\\\/en\\\/#\\\/schema\\\/person\\\/9bd7868d6a7f3544a7dc3816ac7062bd\"},\"description\":\"Cancellation of Arqana sales and Expo-Etalons 2022\",\"breadcrumb\":{\"@id\":\"https:\\\/\\\/www.prixdameriqueraces.com\\\/en\\\/news\\\/info\\\/cancellation-of-arqana-sales-and-expo-etalons-2022\\\/#breadcrumb\"},\"inLanguage\":\"en-US\",\"potentialAction\":[{\"@type\":\"ReadAction\",\"target\":[\"https:\\\/\\\/www.prixdameriqueraces.com\\\/en\\\/news\\\/info\\\/cancellation-of-arqana-sales-and-expo-etalons-2022\\\/\"]}]},{\"@type\":\"ImageObject\",\"inLanguage\":\"en-US\",\"@id\":\"https:\\\/\\\/www.prixdameriqueraces.com\\\/en\\\/news\\\/info\\\/cancellation-of-arqana-sales-and-expo-etalons-2022\\\/#primaryimage\",\"url\":\"https:\\\/\\\/www.prixdameriqueraces.com\\\/wp-content\\\/uploads\\\/2022\\\/01\\\/ventes-oksitepdar-6jan22.jpg\",\"contentUrl\":\"https:\\\/\\\/www.prixdameriqueraces.com\\\/wp-content\\\/uploads\\\/2022\\\/01\\\/ventes-oksitepdar-6jan22.jpg\",\"width\":1700,\"height\":800,\"caption\":\"Arqana\"},{\"@type\":\"BreadcrumbList\",\"@id\":\"https:\\\/\\\/www.prixdameriqueraces.com\\\/en\\\/news\\\/info\\\/cancellation-of-arqana-sales-and-expo-etalons-2022\\\/#breadcrumb\",\"itemListElement\":[{\"@type\":\"ListItem\",\"position\":1,\"name\":\"Accueil\",\"item\":\"https:\\\/\\\/www.prixdameriqueraces.com\\\/en\\\/\"},{\"@type\":\"ListItem\",\"position\":2,\"name\":\"Cancellation of Arqana sales and Expo-Etalons 2022\"}]},{\"@type\":\"WebSite\",\"@id\":\"https:\\\/\\\/www.prixdameriqueraces.com\\\/en\\\/#website\",\"url\":\"https:\\\/\\\/www.prixdameriqueraces.com\\\/en\\\/\",\"name\":\"Prix d&#039;Am\u00e9rique Races\",\"description\":\"6 \u00e9preuves qualificatives et 3 courses de l\u00e9gende\",\"potentialAction\":[{\"@type\":\"SearchAction\",\"target\":{\"@type\":\"EntryPoint\",\"urlTemplate\":\"https:\\\/\\\/www.prixdameriqueraces.com\\\/en\\\/?s={search_term_string}\"},\"query-input\":{\"@type\":\"PropertyValueSpecification\",\"valueRequired\":true,\"valueName\":\"search_term_string\"}}],\"inLanguage\":\"en-US\"},{\"@type\":\"Person\",\"@id\":\"https:\\\/\\\/www.prixdameriqueraces.com\\\/en\\\/#\\\/schema\\\/person\\\/9bd7868d6a7f3544a7dc3816ac7062bd\",\"name\":\"Christophe BINET\",\"image\":{\"@type\":\"ImageObject\",\"inLanguage\":\"en-US\",\"@id\":\"https:\\\/\\\/secure.gravatar.com\\\/avatar\\\/f4ddd63f164958e61dfd5b8d21d9c2c100b8f06c27c1ab1b5b310021045d69f4?s=96&d=mm&r=g\",\"url\":\"https:\\\/\\\/secure.gravatar.com\\\/avatar\\\/f4ddd63f164958e61dfd5b8d21d9c2c100b8f06c27c1ab1b5b310021045d69f4?s=96&d=mm&r=g\",\"contentUrl\":\"https:\\\/\\\/secure.gravatar.com\\\/avatar\\\/f4ddd63f164958e61dfd5b8d21d9c2c100b8f06c27c1ab1b5b310021045d69f4?s=96&d=mm&r=g\",\"caption\":\"Christophe BINET\"},\"url\":\"https:\\\/\\\/www.prixdameriqueraces.com\\\/en\\\/author\\\/cbinet\\\/\"}]}<\/script>\n<!-- \/ Yoast SEO plugin. -->","yoast_head_json":{"title":"Cancellation of Arqana sales and Expo-Etalons 2022 - Prix d&#039;Am\u00e9rique Races","description":"Cancellation of Arqana sales and Expo-Etalons 2022","robots":{"index":"index","follow":"follow","max-snippet":"max-snippet:-1","max-image-preview":"max-image-preview:large","max-video-preview":"max-video-preview:-1"},"canonical":"https:\/\/www.prixdameriqueraces.com\/en\/news\/info\/cancellation-of-arqana-sales-and-expo-etalons-2022\/","og_locale":"en_US","og_type":"article","og_title":"Cancellation of Arqana sales and Expo-Etalons 2022 - Prix d&#039;Am\u00e9rique Races","og_description":"Cancellation of Arqana sales and Expo-Etalons 2022","og_url":"https:\/\/www.prixdameriqueraces.com\/en\/news\/info\/cancellation-of-arqana-sales-and-expo-etalons-2022\/","og_site_name":"Prix d&#039;Am\u00e9rique Races","article_published_time":"2022-01-06T14:30:37+00:00","og_image":[{"width":1700,"height":800,"url":"https:\/\/www.prixdameriqueraces.com\/wp-content\/uploads\/2022\/01\/ventes-oksitepdar-6jan22.jpg","type":"image\/jpeg"}],"author":"Christophe BINET","twitter_misc":{"Written by":"Christophe BINET","Est. reading time":"1 minute"},"schema":{"@context":"https:\/\/schema.org","@graph":[{"@type":"Article","@id":"https:\/\/www.prixdameriqueraces.com\/en\/news\/info\/cancellation-of-arqana-sales-and-expo-etalons-2022\/#article","isPartOf":{"@id":"https:\/\/www.prixdameriqueraces.com\/en\/news\/info\/cancellation-of-arqana-sales-and-expo-etalons-2022\/"},"author":{"name":"Christophe BINET","@id":"https:\/\/www.prixdameriqueraces.com\/en\/#\/schema\/person\/9bd7868d6a7f3544a7dc3816ac7062bd"},"headline":"Cancellation of Arqana sales and Expo-Etalons 2022","datePublished":"2022-01-06T14:30:37+00:00","mainEntityOfPage":{"@id":"https:\/\/www.prixdameriqueraces.com\/en\/news\/info\/cancellation-of-arqana-sales-and-expo-etalons-2022\/"},"wordCount":168,"commentCount":0,"image":{"@id":"https:\/\/www.prixdameriqueraces.com\/en\/news\/info\/cancellation-of-arqana-sales-and-expo-etalons-2022\/#primaryimage"},"thumbnailUrl":"https:\/\/www.prixdameriqueraces.com\/wp-content\/uploads\/2022\/01\/ventes-oksitepdar-6jan22.jpg","keywords":["Races Zeturf Legend race"],"articleSection":["Info"],"inLanguage":"en-US","potentialAction":[{"@type":"CommentAction","name":"Comment","target":["https:\/\/www.prixdameriqueraces.com\/en\/news\/info\/cancellation-of-arqana-sales-and-expo-etalons-2022\/#respond"]}]},{"@type":"WebPage","@id":"https:\/\/www.prixdameriqueraces.com\/en\/news\/info\/cancellation-of-arqana-sales-and-expo-etalons-2022\/","url":"https:\/\/www.prixdameriqueraces.com\/en\/news\/info\/cancellation-of-arqana-sales-and-expo-etalons-2022\/","name":"Cancellation of Arqana sales and Expo-Etalons 2022 - Prix d&#039;Am\u00e9rique Races","isPartOf":{"@id":"https:\/\/www.prixdameriqueraces.com\/en\/#website"},"primaryImageOfPage":{"@id":"https:\/\/www.prixdameriqueraces.com\/en\/news\/info\/cancellation-of-arqana-sales-and-expo-etalons-2022\/#primaryimage"},"image":{"@id":"https:\/\/www.prixdameriqueraces.com\/en\/news\/info\/cancellation-of-arqana-sales-and-expo-etalons-2022\/#primaryimage"},"thumbnailUrl":"https:\/\/www.prixdameriqueraces.com\/wp-content\/uploads\/2022\/01\/ventes-oksitepdar-6jan22.jpg","datePublished":"2022-01-06T14:30:37+00:00","author":{"@id":"https:\/\/www.prixdameriqueraces.com\/en\/#\/schema\/person\/9bd7868d6a7f3544a7dc3816ac7062bd"},"description":"Cancellation of Arqana sales and Expo-Etalons 2022","breadcrumb":{"@id":"https:\/\/www.prixdameriqueraces.com\/en\/news\/info\/cancellation-of-arqana-sales-and-expo-etalons-2022\/#breadcrumb"},"inLanguage":"en-US","potentialAction":[{"@type":"ReadAction","target":["https:\/\/www.prixdameriqueraces.com\/en\/news\/info\/cancellation-of-arqana-sales-and-expo-etalons-2022\/"]}]},{"@type":"ImageObject","inLanguage":"en-US","@id":"https:\/\/www.prixdameriqueraces.com\/en\/news\/info\/cancellation-of-arqana-sales-and-expo-etalons-2022\/#primaryimage","url":"https:\/\/www.prixdameriqueraces.com\/wp-content\/uploads\/2022\/01\/ventes-oksitepdar-6jan22.jpg","contentUrl":"https:\/\/www.prixdameriqueraces.com\/wp-content\/uploads\/2022\/01\/ventes-oksitepdar-6jan22.jpg","width":1700,"height":800,"caption":"Arqana"},{"@type":"BreadcrumbList","@id":"https:\/\/www.prixdameriqueraces.com\/en\/news\/info\/cancellation-of-arqana-sales-and-expo-etalons-2022\/#breadcrumb","itemListElement":[{"@type":"ListItem","position":1,"name":"Accueil","item":"https:\/\/www.prixdameriqueraces.com\/en\/"},{"@type":"ListItem","position":2,"name":"Cancellation of Arqana sales and Expo-Etalons 2022"}]},{"@type":"WebSite","@id":"https:\/\/www.prixdameriqueraces.com\/en\/#website","url":"https:\/\/www.prixdameriqueraces.com\/en\/","name":"Prix d&#039;Am\u00e9rique Races","description":"6 \u00e9preuves qualificatives et 3 courses de l\u00e9gende","potentialAction":[{"@type":"SearchAction","target":{"@type":"EntryPoint","urlTemplate":"https:\/\/www.prixdameriqueraces.com\/en\/?s={search_term_string}"},"query-input":{"@type":"PropertyValueSpecification","valueRequired":true,"valueName":"search_term_string"}}],"inLanguage":"en-US"},{"@type":"Person","@id":"https:\/\/www.prixdameriqueraces.com\/en\/#\/schema\/person\/9bd7868d6a7f3544a7dc3816ac7062bd","name":"Christophe BINET","image":{"@type":"ImageObject","inLanguage":"en-US","@id":"https:\/\/secure.gravatar.com\/avatar\/f4ddd63f164958e61dfd5b8d21d9c2c100b8f06c27c1ab1b5b310021045d69f4?s=96&d=mm&r=g","url":"https:\/\/secure.gravatar.com\/avatar\/f4ddd63f164958e61dfd5b8d21d9c2c100b8f06c27c1ab1b5b310021045d69f4?s=96&d=mm&r=g","contentUrl":"https:\/\/secure.gravatar.com\/avatar\/f4ddd63f164958e61dfd5b8d21d9c2c100b8f06c27c1ab1b5b310021045d69f4?s=96&d=mm&r=g","caption":"Christophe BINET"},"url":"https:\/\/www.prixdameriqueraces.com\/en\/author\/cbinet\/"}]}},"_links":{"self":[{"href":"https:\/\/www.prixdameriqueraces.com\/en\/wp-json\/wp\/v2\/posts\/9001","targetHints":{"allow":["GET"]}}],"collection":[{"href":"https:\/\/www.prixdameriqueraces.com\/en\/wp-json\/wp\/v2\/posts"}],"about":[{"href":"https:\/\/www.prixdameriqueraces.com\/en\/wp-json\/wp\/v2\/types\/post"}],"author":[{"embeddable":true,"href":"https:\/\/www.prixdameriqueraces.com\/en\/wp-json\/wp\/v2\/users\/6"}],"replies":[{"embeddable":true,"href":"https:\/\/www.prixdameriqueraces.com\/en\/wp-json\/wp\/v2\/comments?post=9001"}],"version-history":[{"count":1,"href":"https:\/\/www.prixdameriqueraces.com\/en\/wp-json\/wp\/v2\/posts\/9001\/revisions"}],"predecessor-version":[{"id":9002,"href":"https:\/\/www.prixdameriqueraces.com\/en\/wp-json\/wp\/v2\/posts\/9001\/revisions\/9002"}],"wp:featuredmedia":[{"embeddable":true,"href":"https:\/\/www.prixdameriqueraces.com\/en\/wp-json\/wp\/v2\/media\/8999"}],"wp:attachment":[{"href":"https:\/\/www.prixdameriqueraces.com\/en\/wp-json\/wp\/v2\/media?parent=9001"}],"wp:term":[{"taxonomy":"category","embeddable":true,"href":"https:\/\/www.prixdameriqueraces.com\/en\/wp-json\/wp\/v2\/categories?post=9001"},{"taxonomy":"post_tag","embeddable":true,"href":"https:\/\/www.prixdameriqueraces.com\/en\/wp-json\/wp\/v2\/tags?post=9001"}],"curies":[{"name":"wp","href":"https:\/\/api.w.org\/{rel}","templated":true}]}}