{"id":7237,"date":"2021-02-12T09:49:55","date_gmt":"2021-02-12T08:49:55","guid":{"rendered":"http:\/\/www.prixdameriqueraces.com\/?p=7237"},"modified":"2021-02-12T09:50:59","modified_gmt":"2021-02-12T08:50:59","slug":"thet-took-their-revenge-in-the-prix-de-france-speed-race-3-4","status":"publish","type":"post","link":"https:\/\/www.prixdameriqueraces.com\/en\/news\/step-back-in-time\/thet-took-their-revenge-in-the-prix-de-france-speed-race-3-4\/","title":{"rendered":"They took their revenge in the Prix de France &#8220;Speed Race&#8221; 3\/4"},"content":{"rendered":"<p>February 10, 2019. The Swedish <strong>Readly Express<\/strong> takes part in its second winter meeting at Hippodrome Paris-Vincennes where it challenges the French at the highest level. He won the Prix d&#8217;Am\u00e9rique \u201cLegend Race\u201d the previous year and has just finished third in the 2019 World Championship. <strong>Ready Cash<\/strong>&#8216;s son takes his revenge two weeks later by beating the protagonists who beat him in the queen event. An impressive success which marked the spirits!<\/p>\n<p>Bj\u00f6rn Goop knows the good basic speed of his partner. He gives <strong>Readly Express<\/strong> a great start. The tandem are resolutely taking the lead to lead at a sustained pace. The Swedish pilot knows the science of the train perfectly. It\u2019s a real tactical race. Despite the attack by champion <strong>Bold Eagle<\/strong>, two-time winner of the \u201cLegend Race\u201d Prix d&#8217;Amerique, on the final turn, <strong>Readly Express<\/strong> kept his lead up to the post and won loose. <strong>Bold Eagle<\/strong> has to be content to fight for second place with<strong> Uza Josselyn<\/strong>, who has always followed the future winner. The latter retains the badge of honor in front of S\u00e9bastien Guarato&#8217;s resident. <strong>Belina Josselyn<\/strong> and <strong>Looking Superb<\/strong>, the two competitors who edged out\u00a0in the Prix d&#8217;Amerique &#8220;Legend Race&#8221; two weeks earlier, were disqualified early in the race. Trotting 1\u201910\u2019\u20193, the prot\u00e9g\u00e9 of Timo Nurmos achieved one of the best times in the history of the Prix de France\u201c Speed \u200b\u200bRace \u201d.<\/p>\n<p>Watch the Prix de France &#8220;Speed \u200b\u200bRace&#8221; 2019 below:<\/p>\n<p><iframe loading=\"lazy\" title=\"Le Grand Prix de France devient La Speed Race\" width=\"580\" height=\"326\" src=\"https:\/\/www.youtube.com\/embed\/videoseries?list=PLbsFvkuaEVt_hHiq8BZGvSh0PvcV_o3uq\" frameborder=\"0\" allow=\"accelerometer; autoplay; clipboard-write; encrypted-media; gyroscope; picture-in-picture; web-share\" referrerpolicy=\"strict-origin-when-cross-origin\" allowfullscreen><\/iframe><\/p>\n","protected":false},"excerpt":{"rendered":"<p>February 10, 2019. The Swedish Readly Express takes part in its second winter meeting at Hippodrome Paris-Vincennes where it challenges the French at the highest level. He won the Prix d&#8217;Am\u00e9rique \u201cLegend Race\u201d the previous year and has just finished third in the 2019 World Championship. Ready Cash&#8216;s son takes his revenge two weeks later by beating the protagonists who&hellip;<\/p>\n","protected":false},"author":6,"featured_media":7232,"comment_status":"closed","ping_status":"open","sticky":false,"template":"","format":"standard","meta":{"_acf_changed":false,"footnotes":""},"categories":[227],"tags":[206],"class_list":["post-7237","post","type-post","status-publish","format-standard","has-post-thumbnail","hentry","category-step-back-in-time","tag-raceszeturfspeedraceen"],"acf":[],"yoast_head":"<!-- This site is optimized with the Yoast SEO plugin v27.5 - https:\/\/yoast.com\/product\/yoast-seo-wordpress\/ -->\n<title>They took their revenge in the Prix de France &quot;Speed Race&quot; 3\/4 - Prix d&#039;Am\u00e9rique Races<\/title>\n<meta name=\"description\" content=\"Thet took their revenge in the Prix de France &quot;Speed Race&quot; 3\/4\" \/>\n<meta name=\"robots\" content=\"index, follow, max-snippet:-1, max-image-preview:large, max-video-preview:-1\" \/>\n<link rel=\"canonical\" href=\"https:\/\/www.prixdameriqueraces.com\/en\/news\/step-back-in-time\/thet-took-their-revenge-in-the-prix-de-france-speed-race-3-4\/\" \/>\n<meta property=\"og:locale\" content=\"en_US\" \/>\n<meta property=\"og:type\" content=\"article\" \/>\n<meta property=\"og:title\" content=\"They took their revenge in the Prix de France &quot;Speed Race&quot; 3\/4 - Prix d&#039;Am\u00e9rique Races\" \/>\n<meta property=\"og:description\" content=\"Thet took their revenge in the Prix de France &quot;Speed Race&quot; 3\/4\" \/>\n<meta property=\"og:url\" content=\"https:\/\/www.prixdameriqueraces.com\/en\/news\/step-back-in-time\/thet-took-their-revenge-in-the-prix-de-france-speed-race-3-4\/\" \/>\n<meta property=\"og:site_name\" content=\"Prix d&#039;Am\u00e9rique Races\" \/>\n<meta property=\"article:published_time\" content=\"2021-02-12T08:49:55+00:00\" \/>\n<meta property=\"article:modified_time\" content=\"2021-02-12T08:50:59+00:00\" \/>\n<meta property=\"og:image\" content=\"https:\/\/www.prixdameriqueraces.com\/wp-content\/uploads\/2021\/02\/readlyexpress-ilsontprisleurrevanche-oksitepdar-12fev20.jpg\" \/>\n\t<meta property=\"og:image:width\" content=\"1700\" \/>\n\t<meta property=\"og:image:height\" content=\"800\" \/>\n\t<meta property=\"og:image:type\" content=\"image\/jpeg\" \/>\n<meta name=\"author\" content=\"Christophe BINET\" \/>\n<meta name=\"twitter:label1\" content=\"Written by\" \/>\n\t<meta name=\"twitter:data1\" content=\"Christophe BINET\" \/>\n\t<meta name=\"twitter:label2\" content=\"Est. reading time\" \/>\n\t<meta name=\"twitter:data2\" content=\"1 minute\" \/>\n<script type=\"application\/ld+json\" class=\"yoast-schema-graph\">{\"@context\":\"https:\\\/\\\/schema.org\",\"@graph\":[{\"@type\":\"Article\",\"@id\":\"https:\\\/\\\/www.prixdameriqueraces.com\\\/en\\\/news\\\/step-back-in-time\\\/thet-took-their-revenge-in-the-prix-de-france-speed-race-3-4\\\/#article\",\"isPartOf\":{\"@id\":\"https:\\\/\\\/www.prixdameriqueraces.com\\\/en\\\/news\\\/step-back-in-time\\\/thet-took-their-revenge-in-the-prix-de-france-speed-race-3-4\\\/\"},\"author\":{\"name\":\"Christophe BINET\",\"@id\":\"https:\\\/\\\/www.prixdameriqueraces.com\\\/en\\\/#\\\/schema\\\/person\\\/9bd7868d6a7f3544a7dc3816ac7062bd\"},\"headline\":\"They took their revenge in the Prix de France &#8220;Speed Race&#8221; 3\\\/4\",\"datePublished\":\"2021-02-12T08:49:55+00:00\",\"dateModified\":\"2021-02-12T08:50:59+00:00\",\"mainEntityOfPage\":{\"@id\":\"https:\\\/\\\/www.prixdameriqueraces.com\\\/en\\\/news\\\/step-back-in-time\\\/thet-took-their-revenge-in-the-prix-de-france-speed-race-3-4\\\/\"},\"wordCount\":276,\"image\":{\"@id\":\"https:\\\/\\\/www.prixdameriqueraces.com\\\/en\\\/news\\\/step-back-in-time\\\/thet-took-their-revenge-in-the-prix-de-france-speed-race-3-4\\\/#primaryimage\"},\"thumbnailUrl\":\"https:\\\/\\\/www.prixdameriqueraces.com\\\/wp-content\\\/uploads\\\/2021\\\/02\\\/readlyexpress-ilsontprisleurrevanche-oksitepdar-12fev20.jpg\",\"keywords\":[\"Races Zeturf Speed race\"],\"articleSection\":[\"Step back in time\"],\"inLanguage\":\"en-US\"},{\"@type\":\"WebPage\",\"@id\":\"https:\\\/\\\/www.prixdameriqueraces.com\\\/en\\\/news\\\/step-back-in-time\\\/thet-took-their-revenge-in-the-prix-de-france-speed-race-3-4\\\/\",\"url\":\"https:\\\/\\\/www.prixdameriqueraces.com\\\/en\\\/news\\\/step-back-in-time\\\/thet-took-their-revenge-in-the-prix-de-france-speed-race-3-4\\\/\",\"name\":\"They took their revenge in the Prix de France \\\"Speed Race\\\" 3\\\/4 - Prix d&#039;Am\u00e9rique Races\",\"isPartOf\":{\"@id\":\"https:\\\/\\\/www.prixdameriqueraces.com\\\/en\\\/#website\"},\"primaryImageOfPage\":{\"@id\":\"https:\\\/\\\/www.prixdameriqueraces.com\\\/en\\\/news\\\/step-back-in-time\\\/thet-took-their-revenge-in-the-prix-de-france-speed-race-3-4\\\/#primaryimage\"},\"image\":{\"@id\":\"https:\\\/\\\/www.prixdameriqueraces.com\\\/en\\\/news\\\/step-back-in-time\\\/thet-took-their-revenge-in-the-prix-de-france-speed-race-3-4\\\/#primaryimage\"},\"thumbnailUrl\":\"https:\\\/\\\/www.prixdameriqueraces.com\\\/wp-content\\\/uploads\\\/2021\\\/02\\\/readlyexpress-ilsontprisleurrevanche-oksitepdar-12fev20.jpg\",\"datePublished\":\"2021-02-12T08:49:55+00:00\",\"dateModified\":\"2021-02-12T08:50:59+00:00\",\"author\":{\"@id\":\"https:\\\/\\\/www.prixdameriqueraces.com\\\/en\\\/#\\\/schema\\\/person\\\/9bd7868d6a7f3544a7dc3816ac7062bd\"},\"description\":\"Thet took their revenge in the Prix de France \\\"Speed Race\\\" 3\\\/4\",\"breadcrumb\":{\"@id\":\"https:\\\/\\\/www.prixdameriqueraces.com\\\/en\\\/news\\\/step-back-in-time\\\/thet-took-their-revenge-in-the-prix-de-france-speed-race-3-4\\\/#breadcrumb\"},\"inLanguage\":\"en-US\",\"potentialAction\":[{\"@type\":\"ReadAction\",\"target\":[\"https:\\\/\\\/www.prixdameriqueraces.com\\\/en\\\/news\\\/step-back-in-time\\\/thet-took-their-revenge-in-the-prix-de-france-speed-race-3-4\\\/\"]}]},{\"@type\":\"ImageObject\",\"inLanguage\":\"en-US\",\"@id\":\"https:\\\/\\\/www.prixdameriqueraces.com\\\/en\\\/news\\\/step-back-in-time\\\/thet-took-their-revenge-in-the-prix-de-france-speed-race-3-4\\\/#primaryimage\",\"url\":\"https:\\\/\\\/www.prixdameriqueraces.com\\\/wp-content\\\/uploads\\\/2021\\\/02\\\/readlyexpress-ilsontprisleurrevanche-oksitepdar-12fev20.jpg\",\"contentUrl\":\"https:\\\/\\\/www.prixdameriqueraces.com\\\/wp-content\\\/uploads\\\/2021\\\/02\\\/readlyexpress-ilsontprisleurrevanche-oksitepdar-12fev20.jpg\",\"width\":1700,\"height\":800,\"caption\":\"readly express\"},{\"@type\":\"BreadcrumbList\",\"@id\":\"https:\\\/\\\/www.prixdameriqueraces.com\\\/en\\\/news\\\/step-back-in-time\\\/thet-took-their-revenge-in-the-prix-de-france-speed-race-3-4\\\/#breadcrumb\",\"itemListElement\":[{\"@type\":\"ListItem\",\"position\":1,\"name\":\"Accueil\",\"item\":\"https:\\\/\\\/www.prixdameriqueraces.com\\\/en\\\/\"},{\"@type\":\"ListItem\",\"position\":2,\"name\":\"They took their revenge in the Prix de France &#8220;Speed Race&#8221; 3\\\/4\"}]},{\"@type\":\"WebSite\",\"@id\":\"https:\\\/\\\/www.prixdameriqueraces.com\\\/en\\\/#website\",\"url\":\"https:\\\/\\\/www.prixdameriqueraces.com\\\/en\\\/\",\"name\":\"Prix d&#039;Am\u00e9rique Races\",\"description\":\"6 \u00e9preuves qualificatives et 3 courses de l\u00e9gende\",\"potentialAction\":[{\"@type\":\"SearchAction\",\"target\":{\"@type\":\"EntryPoint\",\"urlTemplate\":\"https:\\\/\\\/www.prixdameriqueraces.com\\\/en\\\/?s={search_term_string}\"},\"query-input\":{\"@type\":\"PropertyValueSpecification\",\"valueRequired\":true,\"valueName\":\"search_term_string\"}}],\"inLanguage\":\"en-US\"},{\"@type\":\"Person\",\"@id\":\"https:\\\/\\\/www.prixdameriqueraces.com\\\/en\\\/#\\\/schema\\\/person\\\/9bd7868d6a7f3544a7dc3816ac7062bd\",\"name\":\"Christophe BINET\",\"image\":{\"@type\":\"ImageObject\",\"inLanguage\":\"en-US\",\"@id\":\"https:\\\/\\\/secure.gravatar.com\\\/avatar\\\/f4ddd63f164958e61dfd5b8d21d9c2c100b8f06c27c1ab1b5b310021045d69f4?s=96&d=mm&r=g\",\"url\":\"https:\\\/\\\/secure.gravatar.com\\\/avatar\\\/f4ddd63f164958e61dfd5b8d21d9c2c100b8f06c27c1ab1b5b310021045d69f4?s=96&d=mm&r=g\",\"contentUrl\":\"https:\\\/\\\/secure.gravatar.com\\\/avatar\\\/f4ddd63f164958e61dfd5b8d21d9c2c100b8f06c27c1ab1b5b310021045d69f4?s=96&d=mm&r=g\",\"caption\":\"Christophe BINET\"},\"url\":\"https:\\\/\\\/www.prixdameriqueraces.com\\\/en\\\/author\\\/cbinet\\\/\"}]}<\/script>\n<!-- \/ Yoast SEO plugin. -->","yoast_head_json":{"title":"They took their revenge in the Prix de France \"Speed Race\" 3\/4 - Prix d&#039;Am\u00e9rique Races","description":"Thet took their revenge in the Prix de France \"Speed Race\" 3\/4","robots":{"index":"index","follow":"follow","max-snippet":"max-snippet:-1","max-image-preview":"max-image-preview:large","max-video-preview":"max-video-preview:-1"},"canonical":"https:\/\/www.prixdameriqueraces.com\/en\/news\/step-back-in-time\/thet-took-their-revenge-in-the-prix-de-france-speed-race-3-4\/","og_locale":"en_US","og_type":"article","og_title":"They took their revenge in the Prix de France \"Speed Race\" 3\/4 - Prix d&#039;Am\u00e9rique Races","og_description":"Thet took their revenge in the Prix de France \"Speed Race\" 3\/4","og_url":"https:\/\/www.prixdameriqueraces.com\/en\/news\/step-back-in-time\/thet-took-their-revenge-in-the-prix-de-france-speed-race-3-4\/","og_site_name":"Prix d&#039;Am\u00e9rique Races","article_published_time":"2021-02-12T08:49:55+00:00","article_modified_time":"2021-02-12T08:50:59+00:00","og_image":[{"width":1700,"height":800,"url":"https:\/\/www.prixdameriqueraces.com\/wp-content\/uploads\/2021\/02\/readlyexpress-ilsontprisleurrevanche-oksitepdar-12fev20.jpg","type":"image\/jpeg"}],"author":"Christophe BINET","twitter_misc":{"Written by":"Christophe BINET","Est. reading time":"1 minute"},"schema":{"@context":"https:\/\/schema.org","@graph":[{"@type":"Article","@id":"https:\/\/www.prixdameriqueraces.com\/en\/news\/step-back-in-time\/thet-took-their-revenge-in-the-prix-de-france-speed-race-3-4\/#article","isPartOf":{"@id":"https:\/\/www.prixdameriqueraces.com\/en\/news\/step-back-in-time\/thet-took-their-revenge-in-the-prix-de-france-speed-race-3-4\/"},"author":{"name":"Christophe BINET","@id":"https:\/\/www.prixdameriqueraces.com\/en\/#\/schema\/person\/9bd7868d6a7f3544a7dc3816ac7062bd"},"headline":"They took their revenge in the Prix de France &#8220;Speed Race&#8221; 3\/4","datePublished":"2021-02-12T08:49:55+00:00","dateModified":"2021-02-12T08:50:59+00:00","mainEntityOfPage":{"@id":"https:\/\/www.prixdameriqueraces.com\/en\/news\/step-back-in-time\/thet-took-their-revenge-in-the-prix-de-france-speed-race-3-4\/"},"wordCount":276,"image":{"@id":"https:\/\/www.prixdameriqueraces.com\/en\/news\/step-back-in-time\/thet-took-their-revenge-in-the-prix-de-france-speed-race-3-4\/#primaryimage"},"thumbnailUrl":"https:\/\/www.prixdameriqueraces.com\/wp-content\/uploads\/2021\/02\/readlyexpress-ilsontprisleurrevanche-oksitepdar-12fev20.jpg","keywords":["Races Zeturf Speed race"],"articleSection":["Step back in time"],"inLanguage":"en-US"},{"@type":"WebPage","@id":"https:\/\/www.prixdameriqueraces.com\/en\/news\/step-back-in-time\/thet-took-their-revenge-in-the-prix-de-france-speed-race-3-4\/","url":"https:\/\/www.prixdameriqueraces.com\/en\/news\/step-back-in-time\/thet-took-their-revenge-in-the-prix-de-france-speed-race-3-4\/","name":"They took their revenge in the Prix de France \"Speed Race\" 3\/4 - Prix d&#039;Am\u00e9rique Races","isPartOf":{"@id":"https:\/\/www.prixdameriqueraces.com\/en\/#website"},"primaryImageOfPage":{"@id":"https:\/\/www.prixdameriqueraces.com\/en\/news\/step-back-in-time\/thet-took-their-revenge-in-the-prix-de-france-speed-race-3-4\/#primaryimage"},"image":{"@id":"https:\/\/www.prixdameriqueraces.com\/en\/news\/step-back-in-time\/thet-took-their-revenge-in-the-prix-de-france-speed-race-3-4\/#primaryimage"},"thumbnailUrl":"https:\/\/www.prixdameriqueraces.com\/wp-content\/uploads\/2021\/02\/readlyexpress-ilsontprisleurrevanche-oksitepdar-12fev20.jpg","datePublished":"2021-02-12T08:49:55+00:00","dateModified":"2021-02-12T08:50:59+00:00","author":{"@id":"https:\/\/www.prixdameriqueraces.com\/en\/#\/schema\/person\/9bd7868d6a7f3544a7dc3816ac7062bd"},"description":"Thet took their revenge in the Prix de France \"Speed Race\" 3\/4","breadcrumb":{"@id":"https:\/\/www.prixdameriqueraces.com\/en\/news\/step-back-in-time\/thet-took-their-revenge-in-the-prix-de-france-speed-race-3-4\/#breadcrumb"},"inLanguage":"en-US","potentialAction":[{"@type":"ReadAction","target":["https:\/\/www.prixdameriqueraces.com\/en\/news\/step-back-in-time\/thet-took-their-revenge-in-the-prix-de-france-speed-race-3-4\/"]}]},{"@type":"ImageObject","inLanguage":"en-US","@id":"https:\/\/www.prixdameriqueraces.com\/en\/news\/step-back-in-time\/thet-took-their-revenge-in-the-prix-de-france-speed-race-3-4\/#primaryimage","url":"https:\/\/www.prixdameriqueraces.com\/wp-content\/uploads\/2021\/02\/readlyexpress-ilsontprisleurrevanche-oksitepdar-12fev20.jpg","contentUrl":"https:\/\/www.prixdameriqueraces.com\/wp-content\/uploads\/2021\/02\/readlyexpress-ilsontprisleurrevanche-oksitepdar-12fev20.jpg","width":1700,"height":800,"caption":"readly express"},{"@type":"BreadcrumbList","@id":"https:\/\/www.prixdameriqueraces.com\/en\/news\/step-back-in-time\/thet-took-their-revenge-in-the-prix-de-france-speed-race-3-4\/#breadcrumb","itemListElement":[{"@type":"ListItem","position":1,"name":"Accueil","item":"https:\/\/www.prixdameriqueraces.com\/en\/"},{"@type":"ListItem","position":2,"name":"They took their revenge in the Prix de France &#8220;Speed Race&#8221; 3\/4"}]},{"@type":"WebSite","@id":"https:\/\/www.prixdameriqueraces.com\/en\/#website","url":"https:\/\/www.prixdameriqueraces.com\/en\/","name":"Prix d&#039;Am\u00e9rique Races","description":"6 \u00e9preuves qualificatives et 3 courses de l\u00e9gende","potentialAction":[{"@type":"SearchAction","target":{"@type":"EntryPoint","urlTemplate":"https:\/\/www.prixdameriqueraces.com\/en\/?s={search_term_string}"},"query-input":{"@type":"PropertyValueSpecification","valueRequired":true,"valueName":"search_term_string"}}],"inLanguage":"en-US"},{"@type":"Person","@id":"https:\/\/www.prixdameriqueraces.com\/en\/#\/schema\/person\/9bd7868d6a7f3544a7dc3816ac7062bd","name":"Christophe BINET","image":{"@type":"ImageObject","inLanguage":"en-US","@id":"https:\/\/secure.gravatar.com\/avatar\/f4ddd63f164958e61dfd5b8d21d9c2c100b8f06c27c1ab1b5b310021045d69f4?s=96&d=mm&r=g","url":"https:\/\/secure.gravatar.com\/avatar\/f4ddd63f164958e61dfd5b8d21d9c2c100b8f06c27c1ab1b5b310021045d69f4?s=96&d=mm&r=g","contentUrl":"https:\/\/secure.gravatar.com\/avatar\/f4ddd63f164958e61dfd5b8d21d9c2c100b8f06c27c1ab1b5b310021045d69f4?s=96&d=mm&r=g","caption":"Christophe BINET"},"url":"https:\/\/www.prixdameriqueraces.com\/en\/author\/cbinet\/"}]}},"_links":{"self":[{"href":"https:\/\/www.prixdameriqueraces.com\/en\/wp-json\/wp\/v2\/posts\/7237","targetHints":{"allow":["GET"]}}],"collection":[{"href":"https:\/\/www.prixdameriqueraces.com\/en\/wp-json\/wp\/v2\/posts"}],"about":[{"href":"https:\/\/www.prixdameriqueraces.com\/en\/wp-json\/wp\/v2\/types\/post"}],"author":[{"embeddable":true,"href":"https:\/\/www.prixdameriqueraces.com\/en\/wp-json\/wp\/v2\/users\/6"}],"replies":[{"embeddable":true,"href":"https:\/\/www.prixdameriqueraces.com\/en\/wp-json\/wp\/v2\/comments?post=7237"}],"version-history":[{"count":4,"href":"https:\/\/www.prixdameriqueraces.com\/en\/wp-json\/wp\/v2\/posts\/7237\/revisions"}],"predecessor-version":[{"id":7241,"href":"https:\/\/www.prixdameriqueraces.com\/en\/wp-json\/wp\/v2\/posts\/7237\/revisions\/7241"}],"wp:featuredmedia":[{"embeddable":true,"href":"https:\/\/www.prixdameriqueraces.com\/en\/wp-json\/wp\/v2\/media\/7232"}],"wp:attachment":[{"href":"https:\/\/www.prixdameriqueraces.com\/en\/wp-json\/wp\/v2\/media?parent=7237"}],"wp:term":[{"taxonomy":"category","embeddable":true,"href":"https:\/\/www.prixdameriqueraces.com\/en\/wp-json\/wp\/v2\/categories?post=7237"},{"taxonomy":"post_tag","embeddable":true,"href":"https:\/\/www.prixdameriqueraces.com\/en\/wp-json\/wp\/v2\/tags?post=7237"}],"curies":[{"name":"wp","href":"https:\/\/api.w.org\/{rel}","templated":true}]}}