{"id":6973,"date":"2021-01-31T18:41:01","date_gmt":"2021-01-31T17:41:01","guid":{"rendered":"http:\/\/www.prixdameriqueraces.com\/?p=6973"},"modified":"2021-01-31T18:41:01","modified_gmt":"2021-01-31T17:41:01","slug":"prix-damerique-legend-race-post-race-press-conference","status":"publish","type":"post","link":"https:\/\/www.prixdameriqueraces.com\/en\/news\/info\/prix-damerique-legend-race-post-race-press-conference\/","title":{"rendered":"Prix d&#8217;Am\u00e9rique &#8220;Legend Race&#8221;: post-race press conference"},"content":{"rendered":"<p>Here are the key phrases to remember from the press conference that took place after the Prix d&#8217;Am\u00e9rique &#8220;Legend Race&#8221; on Sunday January 31 at the Paris-Vincennes Hippodrome.<\/p>\n<p>Bj\u00f6rn Goop, winner of the race with<strong> Face Time Bourbon<\/strong>: \u201c<em><strong>Face Time Bourbon<\/strong> will normally compete in the Prix de France &#8220;Speed \u200b\u200bRace&#8221;. He has already recovered very well from his attempt. He is calmer than in the past, he has improved even more. In the future, I think he will race in North America. He&#8217;s also capable of shining in the Elitloppet, but I don&#8217;t know if his owner is going to want to field him in this event. I was less demonstrative after my victory because we obviously missed the crowd and the context is difficult. But I was still happy and moved, it&#8217;s the biggest race in the world, it&#8217;s the most important successes in my career.<\/em> &#8221;<\/p>\n<p>Jean-Michel, second with <strong>Davidson du Pont<\/strong>: &#8220;Behind <strong>Face Time Bourbon<\/strong>, I had a clear course. It went very well. I still thought I could win after the last turn, but the winner was untouchable. <strong>Davidson du Pont<\/strong> will also compete in the Prix de France &#8220;Speed \u200b\u200bRace&#8221;, he has obviously recovered well from his race today. For now, <strong>Face Time Bourbon<\/strong> has left to build a legendary horse. I do not see the solution to beat him currently. &#8221;<\/p>\n<p>Franck Nivard, third with <strong>Gu d\u00b4H\u00e9ripr\u00e9<\/strong>: \u201c<strong>Gu d\u00b4H\u00e9ripr\u00e9<\/strong> performed remarkably well. He still has plenty of room for improvement, he probably has the potential to win the Prix d&#8217;Amerique but he is unlucky, he will face <strong>Face Time Bourbon<\/strong> again. My partner has recovered perfectly from the day&#8217;s race, everything is fine. &#8220;<\/p>\n","protected":false},"excerpt":{"rendered":"<p>Here are the key phrases to remember from the press conference that took place after the Prix d&#8217;Am\u00e9rique &#8220;Legend Race&#8221; on Sunday January 31 at the Paris-Vincennes Hippodrome. Bj\u00f6rn Goop, winner of the race with Face Time Bourbon: \u201cFace Time Bourbon will normally compete in the Prix de France &#8220;Speed \u200b\u200bRace&#8221;. He has already recovered very well from his attempt.&hellip;<\/p>\n","protected":false},"author":6,"featured_media":6970,"comment_status":"closed","ping_status":"open","sticky":false,"template":"","format":"standard","meta":{"_acf_changed":false,"footnotes":""},"categories":[209],"tags":[199],"class_list":["post-6973","post","type-post","status-publish","format-standard","has-post-thumbnail","hentry","category-info","tag-raceszeturflegendraceen"],"acf":[],"yoast_head":"<!-- This site is optimized with the Yoast SEO plugin v27.5 - https:\/\/yoast.com\/product\/yoast-seo-wordpress\/ -->\n<title>Prix d&#039;Am\u00e9rique &quot;Legend Race&quot;: post-race press conference - Prix d&#039;Am\u00e9rique Races<\/title>\n<meta name=\"description\" content=\"Prix d&#039;Am\u00e9rique &quot;Legend Race&quot;: post-race press conference\" \/>\n<meta name=\"robots\" content=\"index, follow, max-snippet:-1, max-image-preview:large, max-video-preview:-1\" \/>\n<link rel=\"canonical\" href=\"https:\/\/www.prixdameriqueraces.com\/en\/news\/info\/prix-damerique-legend-race-post-race-press-conference\/\" \/>\n<meta property=\"og:locale\" content=\"en_US\" \/>\n<meta property=\"og:type\" content=\"article\" \/>\n<meta property=\"og:title\" content=\"Prix d&#039;Am\u00e9rique &quot;Legend Race&quot;: post-race press conference - Prix d&#039;Am\u00e9rique Races\" \/>\n<meta property=\"og:description\" content=\"Prix d&#039;Am\u00e9rique &quot;Legend Race&quot;: post-race press conference\" \/>\n<meta property=\"og:url\" content=\"https:\/\/www.prixdameriqueraces.com\/en\/news\/info\/prix-damerique-legend-race-post-race-press-conference\/\" \/>\n<meta property=\"og:site_name\" content=\"Prix d&#039;Am\u00e9rique Races\" \/>\n<meta property=\"article:published_time\" content=\"2021-01-31T17:41:01+00:00\" \/>\n<meta property=\"og:image\" content=\"https:\/\/www.prixdameriqueraces.com\/wp-content\/uploads\/2021\/01\/confpresse-31jan21-oksitepdar.jpg\" \/>\n\t<meta property=\"og:image:width\" content=\"1700\" \/>\n\t<meta property=\"og:image:height\" content=\"800\" \/>\n\t<meta property=\"og:image:type\" content=\"image\/jpeg\" \/>\n<meta name=\"author\" content=\"Christophe BINET\" \/>\n<meta name=\"twitter:label1\" content=\"Written by\" \/>\n\t<meta name=\"twitter:data1\" content=\"Christophe BINET\" \/>\n\t<meta name=\"twitter:label2\" content=\"Est. reading time\" \/>\n\t<meta name=\"twitter:data2\" content=\"1 minute\" \/>\n<script type=\"application\/ld+json\" class=\"yoast-schema-graph\">{\"@context\":\"https:\\\/\\\/schema.org\",\"@graph\":[{\"@type\":\"Article\",\"@id\":\"https:\\\/\\\/www.prixdameriqueraces.com\\\/en\\\/news\\\/info\\\/prix-damerique-legend-race-post-race-press-conference\\\/#article\",\"isPartOf\":{\"@id\":\"https:\\\/\\\/www.prixdameriqueraces.com\\\/en\\\/news\\\/info\\\/prix-damerique-legend-race-post-race-press-conference\\\/\"},\"author\":{\"name\":\"Christophe BINET\",\"@id\":\"https:\\\/\\\/www.prixdameriqueraces.com\\\/en\\\/#\\\/schema\\\/person\\\/9bd7868d6a7f3544a7dc3816ac7062bd\"},\"headline\":\"Prix d&#8217;Am\u00e9rique &#8220;Legend Race&#8221;: post-race press conference\",\"datePublished\":\"2021-01-31T17:41:01+00:00\",\"mainEntityOfPage\":{\"@id\":\"https:\\\/\\\/www.prixdameriqueraces.com\\\/en\\\/news\\\/info\\\/prix-damerique-legend-race-post-race-press-conference\\\/\"},\"wordCount\":299,\"image\":{\"@id\":\"https:\\\/\\\/www.prixdameriqueraces.com\\\/en\\\/news\\\/info\\\/prix-damerique-legend-race-post-race-press-conference\\\/#primaryimage\"},\"thumbnailUrl\":\"https:\\\/\\\/www.prixdameriqueraces.com\\\/wp-content\\\/uploads\\\/2021\\\/01\\\/confpresse-31jan21-oksitepdar.jpg\",\"keywords\":[\"Races Zeturf Legend race\"],\"articleSection\":[\"Info\"],\"inLanguage\":\"en-US\"},{\"@type\":\"WebPage\",\"@id\":\"https:\\\/\\\/www.prixdameriqueraces.com\\\/en\\\/news\\\/info\\\/prix-damerique-legend-race-post-race-press-conference\\\/\",\"url\":\"https:\\\/\\\/www.prixdameriqueraces.com\\\/en\\\/news\\\/info\\\/prix-damerique-legend-race-post-race-press-conference\\\/\",\"name\":\"Prix d'Am\u00e9rique \\\"Legend Race\\\": post-race press conference - Prix d&#039;Am\u00e9rique Races\",\"isPartOf\":{\"@id\":\"https:\\\/\\\/www.prixdameriqueraces.com\\\/en\\\/#website\"},\"primaryImageOfPage\":{\"@id\":\"https:\\\/\\\/www.prixdameriqueraces.com\\\/en\\\/news\\\/info\\\/prix-damerique-legend-race-post-race-press-conference\\\/#primaryimage\"},\"image\":{\"@id\":\"https:\\\/\\\/www.prixdameriqueraces.com\\\/en\\\/news\\\/info\\\/prix-damerique-legend-race-post-race-press-conference\\\/#primaryimage\"},\"thumbnailUrl\":\"https:\\\/\\\/www.prixdameriqueraces.com\\\/wp-content\\\/uploads\\\/2021\\\/01\\\/confpresse-31jan21-oksitepdar.jpg\",\"datePublished\":\"2021-01-31T17:41:01+00:00\",\"author\":{\"@id\":\"https:\\\/\\\/www.prixdameriqueraces.com\\\/en\\\/#\\\/schema\\\/person\\\/9bd7868d6a7f3544a7dc3816ac7062bd\"},\"description\":\"Prix d'Am\u00e9rique \\\"Legend Race\\\": post-race press conference\",\"breadcrumb\":{\"@id\":\"https:\\\/\\\/www.prixdameriqueraces.com\\\/en\\\/news\\\/info\\\/prix-damerique-legend-race-post-race-press-conference\\\/#breadcrumb\"},\"inLanguage\":\"en-US\",\"potentialAction\":[{\"@type\":\"ReadAction\",\"target\":[\"https:\\\/\\\/www.prixdameriqueraces.com\\\/en\\\/news\\\/info\\\/prix-damerique-legend-race-post-race-press-conference\\\/\"]}]},{\"@type\":\"ImageObject\",\"inLanguage\":\"en-US\",\"@id\":\"https:\\\/\\\/www.prixdameriqueraces.com\\\/en\\\/news\\\/info\\\/prix-damerique-legend-race-post-race-press-conference\\\/#primaryimage\",\"url\":\"https:\\\/\\\/www.prixdameriqueraces.com\\\/wp-content\\\/uploads\\\/2021\\\/01\\\/confpresse-31jan21-oksitepdar.jpg\",\"contentUrl\":\"https:\\\/\\\/www.prixdameriqueraces.com\\\/wp-content\\\/uploads\\\/2021\\\/01\\\/confpresse-31jan21-oksitepdar.jpg\",\"width\":1700,\"height\":800,\"caption\":\"conf\u00e9rence de presse prix d'am\u00e9rique legend race\"},{\"@type\":\"BreadcrumbList\",\"@id\":\"https:\\\/\\\/www.prixdameriqueraces.com\\\/en\\\/news\\\/info\\\/prix-damerique-legend-race-post-race-press-conference\\\/#breadcrumb\",\"itemListElement\":[{\"@type\":\"ListItem\",\"position\":1,\"name\":\"Accueil\",\"item\":\"https:\\\/\\\/www.prixdameriqueraces.com\\\/en\\\/\"},{\"@type\":\"ListItem\",\"position\":2,\"name\":\"Prix d&rsquo;Am\u00e9rique \u00ab\u00a0Legend Race\u00a0\u00bb: post-race press conference\"}]},{\"@type\":\"WebSite\",\"@id\":\"https:\\\/\\\/www.prixdameriqueraces.com\\\/en\\\/#website\",\"url\":\"https:\\\/\\\/www.prixdameriqueraces.com\\\/en\\\/\",\"name\":\"Prix d&#039;Am\u00e9rique Races\",\"description\":\"6 \u00e9preuves qualificatives et 3 courses de l\u00e9gende\",\"potentialAction\":[{\"@type\":\"SearchAction\",\"target\":{\"@type\":\"EntryPoint\",\"urlTemplate\":\"https:\\\/\\\/www.prixdameriqueraces.com\\\/en\\\/?s={search_term_string}\"},\"query-input\":{\"@type\":\"PropertyValueSpecification\",\"valueRequired\":true,\"valueName\":\"search_term_string\"}}],\"inLanguage\":\"en-US\"},{\"@type\":\"Person\",\"@id\":\"https:\\\/\\\/www.prixdameriqueraces.com\\\/en\\\/#\\\/schema\\\/person\\\/9bd7868d6a7f3544a7dc3816ac7062bd\",\"name\":\"Christophe BINET\",\"image\":{\"@type\":\"ImageObject\",\"inLanguage\":\"en-US\",\"@id\":\"https:\\\/\\\/secure.gravatar.com\\\/avatar\\\/f4ddd63f164958e61dfd5b8d21d9c2c100b8f06c27c1ab1b5b310021045d69f4?s=96&d=mm&r=g\",\"url\":\"https:\\\/\\\/secure.gravatar.com\\\/avatar\\\/f4ddd63f164958e61dfd5b8d21d9c2c100b8f06c27c1ab1b5b310021045d69f4?s=96&d=mm&r=g\",\"contentUrl\":\"https:\\\/\\\/secure.gravatar.com\\\/avatar\\\/f4ddd63f164958e61dfd5b8d21d9c2c100b8f06c27c1ab1b5b310021045d69f4?s=96&d=mm&r=g\",\"caption\":\"Christophe BINET\"},\"url\":\"https:\\\/\\\/www.prixdameriqueraces.com\\\/en\\\/author\\\/cbinet\\\/\"}]}<\/script>\n<!-- \/ Yoast SEO plugin. -->","yoast_head_json":{"title":"Prix d'Am\u00e9rique \"Legend Race\": post-race press conference - Prix d&#039;Am\u00e9rique Races","description":"Prix d'Am\u00e9rique \"Legend Race\": post-race press conference","robots":{"index":"index","follow":"follow","max-snippet":"max-snippet:-1","max-image-preview":"max-image-preview:large","max-video-preview":"max-video-preview:-1"},"canonical":"https:\/\/www.prixdameriqueraces.com\/en\/news\/info\/prix-damerique-legend-race-post-race-press-conference\/","og_locale":"en_US","og_type":"article","og_title":"Prix d'Am\u00e9rique \"Legend Race\": post-race press conference - Prix d&#039;Am\u00e9rique Races","og_description":"Prix d'Am\u00e9rique \"Legend Race\": post-race press conference","og_url":"https:\/\/www.prixdameriqueraces.com\/en\/news\/info\/prix-damerique-legend-race-post-race-press-conference\/","og_site_name":"Prix d&#039;Am\u00e9rique Races","article_published_time":"2021-01-31T17:41:01+00:00","og_image":[{"width":1700,"height":800,"url":"https:\/\/www.prixdameriqueraces.com\/wp-content\/uploads\/2021\/01\/confpresse-31jan21-oksitepdar.jpg","type":"image\/jpeg"}],"author":"Christophe BINET","twitter_misc":{"Written by":"Christophe BINET","Est. reading time":"1 minute"},"schema":{"@context":"https:\/\/schema.org","@graph":[{"@type":"Article","@id":"https:\/\/www.prixdameriqueraces.com\/en\/news\/info\/prix-damerique-legend-race-post-race-press-conference\/#article","isPartOf":{"@id":"https:\/\/www.prixdameriqueraces.com\/en\/news\/info\/prix-damerique-legend-race-post-race-press-conference\/"},"author":{"name":"Christophe BINET","@id":"https:\/\/www.prixdameriqueraces.com\/en\/#\/schema\/person\/9bd7868d6a7f3544a7dc3816ac7062bd"},"headline":"Prix d&#8217;Am\u00e9rique &#8220;Legend Race&#8221;: post-race press conference","datePublished":"2021-01-31T17:41:01+00:00","mainEntityOfPage":{"@id":"https:\/\/www.prixdameriqueraces.com\/en\/news\/info\/prix-damerique-legend-race-post-race-press-conference\/"},"wordCount":299,"image":{"@id":"https:\/\/www.prixdameriqueraces.com\/en\/news\/info\/prix-damerique-legend-race-post-race-press-conference\/#primaryimage"},"thumbnailUrl":"https:\/\/www.prixdameriqueraces.com\/wp-content\/uploads\/2021\/01\/confpresse-31jan21-oksitepdar.jpg","keywords":["Races Zeturf Legend race"],"articleSection":["Info"],"inLanguage":"en-US"},{"@type":"WebPage","@id":"https:\/\/www.prixdameriqueraces.com\/en\/news\/info\/prix-damerique-legend-race-post-race-press-conference\/","url":"https:\/\/www.prixdameriqueraces.com\/en\/news\/info\/prix-damerique-legend-race-post-race-press-conference\/","name":"Prix d'Am\u00e9rique \"Legend Race\": post-race press conference - Prix d&#039;Am\u00e9rique Races","isPartOf":{"@id":"https:\/\/www.prixdameriqueraces.com\/en\/#website"},"primaryImageOfPage":{"@id":"https:\/\/www.prixdameriqueraces.com\/en\/news\/info\/prix-damerique-legend-race-post-race-press-conference\/#primaryimage"},"image":{"@id":"https:\/\/www.prixdameriqueraces.com\/en\/news\/info\/prix-damerique-legend-race-post-race-press-conference\/#primaryimage"},"thumbnailUrl":"https:\/\/www.prixdameriqueraces.com\/wp-content\/uploads\/2021\/01\/confpresse-31jan21-oksitepdar.jpg","datePublished":"2021-01-31T17:41:01+00:00","author":{"@id":"https:\/\/www.prixdameriqueraces.com\/en\/#\/schema\/person\/9bd7868d6a7f3544a7dc3816ac7062bd"},"description":"Prix d'Am\u00e9rique \"Legend Race\": post-race press conference","breadcrumb":{"@id":"https:\/\/www.prixdameriqueraces.com\/en\/news\/info\/prix-damerique-legend-race-post-race-press-conference\/#breadcrumb"},"inLanguage":"en-US","potentialAction":[{"@type":"ReadAction","target":["https:\/\/www.prixdameriqueraces.com\/en\/news\/info\/prix-damerique-legend-race-post-race-press-conference\/"]}]},{"@type":"ImageObject","inLanguage":"en-US","@id":"https:\/\/www.prixdameriqueraces.com\/en\/news\/info\/prix-damerique-legend-race-post-race-press-conference\/#primaryimage","url":"https:\/\/www.prixdameriqueraces.com\/wp-content\/uploads\/2021\/01\/confpresse-31jan21-oksitepdar.jpg","contentUrl":"https:\/\/www.prixdameriqueraces.com\/wp-content\/uploads\/2021\/01\/confpresse-31jan21-oksitepdar.jpg","width":1700,"height":800,"caption":"conf\u00e9rence de presse prix d'am\u00e9rique legend race"},{"@type":"BreadcrumbList","@id":"https:\/\/www.prixdameriqueraces.com\/en\/news\/info\/prix-damerique-legend-race-post-race-press-conference\/#breadcrumb","itemListElement":[{"@type":"ListItem","position":1,"name":"Accueil","item":"https:\/\/www.prixdameriqueraces.com\/en\/"},{"@type":"ListItem","position":2,"name":"Prix d&rsquo;Am\u00e9rique \u00ab\u00a0Legend Race\u00a0\u00bb: post-race press conference"}]},{"@type":"WebSite","@id":"https:\/\/www.prixdameriqueraces.com\/en\/#website","url":"https:\/\/www.prixdameriqueraces.com\/en\/","name":"Prix d&#039;Am\u00e9rique Races","description":"6 \u00e9preuves qualificatives et 3 courses de l\u00e9gende","potentialAction":[{"@type":"SearchAction","target":{"@type":"EntryPoint","urlTemplate":"https:\/\/www.prixdameriqueraces.com\/en\/?s={search_term_string}"},"query-input":{"@type":"PropertyValueSpecification","valueRequired":true,"valueName":"search_term_string"}}],"inLanguage":"en-US"},{"@type":"Person","@id":"https:\/\/www.prixdameriqueraces.com\/en\/#\/schema\/person\/9bd7868d6a7f3544a7dc3816ac7062bd","name":"Christophe BINET","image":{"@type":"ImageObject","inLanguage":"en-US","@id":"https:\/\/secure.gravatar.com\/avatar\/f4ddd63f164958e61dfd5b8d21d9c2c100b8f06c27c1ab1b5b310021045d69f4?s=96&d=mm&r=g","url":"https:\/\/secure.gravatar.com\/avatar\/f4ddd63f164958e61dfd5b8d21d9c2c100b8f06c27c1ab1b5b310021045d69f4?s=96&d=mm&r=g","contentUrl":"https:\/\/secure.gravatar.com\/avatar\/f4ddd63f164958e61dfd5b8d21d9c2c100b8f06c27c1ab1b5b310021045d69f4?s=96&d=mm&r=g","caption":"Christophe BINET"},"url":"https:\/\/www.prixdameriqueraces.com\/en\/author\/cbinet\/"}]}},"_links":{"self":[{"href":"https:\/\/www.prixdameriqueraces.com\/en\/wp-json\/wp\/v2\/posts\/6973","targetHints":{"allow":["GET"]}}],"collection":[{"href":"https:\/\/www.prixdameriqueraces.com\/en\/wp-json\/wp\/v2\/posts"}],"about":[{"href":"https:\/\/www.prixdameriqueraces.com\/en\/wp-json\/wp\/v2\/types\/post"}],"author":[{"embeddable":true,"href":"https:\/\/www.prixdameriqueraces.com\/en\/wp-json\/wp\/v2\/users\/6"}],"replies":[{"embeddable":true,"href":"https:\/\/www.prixdameriqueraces.com\/en\/wp-json\/wp\/v2\/comments?post=6973"}],"version-history":[{"count":1,"href":"https:\/\/www.prixdameriqueraces.com\/en\/wp-json\/wp\/v2\/posts\/6973\/revisions"}],"predecessor-version":[{"id":6974,"href":"https:\/\/www.prixdameriqueraces.com\/en\/wp-json\/wp\/v2\/posts\/6973\/revisions\/6974"}],"wp:featuredmedia":[{"embeddable":true,"href":"https:\/\/www.prixdameriqueraces.com\/en\/wp-json\/wp\/v2\/media\/6970"}],"wp:attachment":[{"href":"https:\/\/www.prixdameriqueraces.com\/en\/wp-json\/wp\/v2\/media?parent=6973"}],"wp:term":[{"taxonomy":"category","embeddable":true,"href":"https:\/\/www.prixdameriqueraces.com\/en\/wp-json\/wp\/v2\/categories?post=6973"},{"taxonomy":"post_tag","embeddable":true,"href":"https:\/\/www.prixdameriqueraces.com\/en\/wp-json\/wp\/v2\/tags?post=6973"}],"curies":[{"name":"wp","href":"https:\/\/api.w.org\/{rel}","templated":true}]}}